{"id":1500,"date":"2023-11-26T20:03:22","date_gmt":"2023-11-26T19:03:22","guid":{"rendered":"http:\/\/parquetnomade.com\/?p=1500"},"modified":"2025-11-27T14:10:08","modified_gmt":"2025-11-27T13:10:08","slug":"jamilonga-atelier-pratique","status":"publish","type":"post","link":"https:\/\/parquetnomade.com\/index.php\/2023\/11\/26\/jamilonga-atelier-pratique\/","title":{"rendered":"Jamilonga Atelier + Pratique"},"content":{"rendered":"<div>\n<p><img loading=\"lazy\" decoding=\"async\" class=\"alignnone wp-image-1527\" src=\"http:\/\/parquetnomade.com\/wp-content\/uploads\/2023\/11\/affiche-26-nov-23--225x300.jpg\" alt=\"\" width=\"616\" height=\"821\" srcset=\"https:\/\/parquetnomade.com\/wp-content\/uploads\/2023\/11\/affiche-26-nov-23--225x300.jpg 225w, https:\/\/parquetnomade.com\/wp-content\/uploads\/2023\/11\/affiche-26-nov-23--768x1024.jpg 768w, https:\/\/parquetnomade.com\/wp-content\/uploads\/2023\/11\/affiche-26-nov-23--600x800.jpg 600w, https:\/\/parquetnomade.com\/wp-content\/uploads\/2023\/11\/affiche-26-nov-23--700x933.jpg 700w\" sizes=\"auto, (max-width: 616px) 100vw, 616px\" \/><\/p>\n<\/div>\n<div><span style=\"font-size: large;\"><b>Nous vous convions \u00e0 un moment de pratique de danse, <\/b><\/span><b><span style=\"font-size: large;\">dimanche 26 Novembre\u2026<\/span><\/b><\/div>\n<div>La collaboration entre l&rsquo;association M\u00e9li M\u00e9lo et la Cie du Parquet Nomade se poursuit en 2023-2024\u2026<\/div>\n<div>C&rsquo;est le retour des \u00ab\u00a0Jamilongas\u00a0\u00bb que nous esp\u00e9rons amener cette ann\u00e9e au-del\u00e0 des fronti\u00e8res de Mayres..<\/div>\n<div>Il y aura aussi des cycles de stages autour de la danse contact improvisation , de la composition instantan\u00e9e, de la danse th\u00e9rapie et des pratiques somatiques..<\/div>\n<div>Cette ann\u00e9e , nous lan\u00e7ons aussi des ateliers Parents Enfants nomades et des \u00ab\u00a0Bal\u00e0m\u00f4mes\u00a0\u00bb..<\/div>\n<div><\/div>\n<div>Pour vous parler de tout cel\u00e0, se rencontrer, d\u00e9couvrir les 2 associations et leurs projets, Marion et Alain vous accueillent ce dimanche \u00e0 Mayres:<\/div>\n<div><b>\u00e0 14 h pour un atelier<\/b> de danse contact improvisation avec Marion,<\/div>\n<div><b>\u00e0 16h pour un go\u00fbter<\/b> (ch\u00e2taignes r\u00f4ties et ce que vous apporterez) pour \u00e9changer et pour certains d\u00e9couvrir l&rsquo;univers du contact impro (d\u00e9mo participative possible),<\/div>\n<div><b>\u00e0 17h pour notre Jamilonga<\/b>, ( mix de tango et de contact improvisation), jusqu&rsquo;\u00e0 20h30.<\/div>\n<div><\/div>\n<div>L&rsquo;atelier est \u00e0 prix libre, tarif sugg\u00e9r\u00e9 15 euros les 2h ;<\/div>\n<div>le go\u00fbter gratuit,<\/div>\n<div>la jamilonga (guid\u00e9e et musicalis\u00e9e) seule : paf libre sugg\u00e9r\u00e9 \u00e0 10 euros, 5 si avec atelier.<\/div>\n<div><\/div>\n<div>NB l&rsquo;adh\u00e9sion aux associations est demand\u00e9e (2 euros\/j ou 15 \u00e0 l&rsquo;ann\u00e9e pour M\u00e9lim\u00e9lo, prix libre pour le Parquet Nomade)<\/div>\n<div><\/div>\n<div>\n<p>Au plaisir de votre venue !<\/p>\n<div class=\"yj6qo\"><\/div>\n<div class=\"adL\"><\/div>\n<\/div>\n<div class=\"adL\"><\/div>\n","protected":false},"excerpt":{"rendered":"<p>Nous vous convions \u00e0 un moment de pratique de danse, dimanche 26 Novembre\u2026 La collaboration entre l&rsquo;association M\u00e9li M\u00e9lo et&#8230;<\/p>\n","protected":false},"author":1,"featured_media":1527,"comment_status":"closed","ping_status":"closed","sticky":false,"template":"","format":"standard","meta":{"footnotes":""},"categories":[118,125,110],"tags":[145,146,144,143],"class_list":["post-1500","post","type-post","status-publish","format-standard","has-post-thumbnail","hentry","category-atelier-jam","category-transmission","category-performance","tag-atelier","tag-bal","tag-contact-tango","tag-jamilonga"],"_links":{"self":[{"href":"https:\/\/parquetnomade.com\/index.php\/wp-json\/wp\/v2\/posts\/1500","targetHints":{"allow":["GET"]}}],"collection":[{"href":"https:\/\/parquetnomade.com\/index.php\/wp-json\/wp\/v2\/posts"}],"about":[{"href":"https:\/\/parquetnomade.com\/index.php\/wp-json\/wp\/v2\/types\/post"}],"author":[{"embeddable":true,"href":"https:\/\/parquetnomade.com\/index.php\/wp-json\/wp\/v2\/users\/1"}],"replies":[{"embeddable":true,"href":"https:\/\/parquetnomade.com\/index.php\/wp-json\/wp\/v2\/comments?post=1500"}],"version-history":[{"count":6,"href":"https:\/\/parquetnomade.com\/index.php\/wp-json\/wp\/v2\/posts\/1500\/revisions"}],"predecessor-version":[{"id":1562,"href":"https:\/\/parquetnomade.com\/index.php\/wp-json\/wp\/v2\/posts\/1500\/revisions\/1562"}],"wp:featuredmedia":[{"embeddable":true,"href":"https:\/\/parquetnomade.com\/index.php\/wp-json\/wp\/v2\/media\/1527"}],"wp:attachment":[{"href":"https:\/\/parquetnomade.com\/index.php\/wp-json\/wp\/v2\/media?parent=1500"}],"wp:term":[{"taxonomy":"category","embeddable":true,"href":"https:\/\/parquetnomade.com\/index.php\/wp-json\/wp\/v2\/categories?post=1500"},{"taxonomy":"post_tag","embeddable":true,"href":"https:\/\/parquetnomade.com\/index.php\/wp-json\/wp\/v2\/tags?post=1500"}],"curies":[{"name":"wp","href":"https:\/\/api.w.org\/{rel}","templated":true}]}}