{"id":1936,"date":"2025-11-21T15:26:33","date_gmt":"2025-11-21T14:26:33","guid":{"rendered":"http:\/\/parquetnomade.com\/?p=1936"},"modified":"2025-11-27T14:08:42","modified_gmt":"2025-11-27T13:08:42","slug":"rassembler-la-tribu-5-30-dec-2025-au-3-janv-2026","status":"publish","type":"post","link":"http:\/\/parquetnomade.com\/index.php\/2025\/11\/21\/rassembler-la-tribu-5-30-dec-2025-au-3-janv-2026\/","title":{"rendered":"Rassembler la tribu #5 &#8211;   du 30 d\u00e9c 2025 au 3 janv 2026"},"content":{"rendered":"<p><img loading=\"lazy\" decoding=\"async\" class=\"alignnone size-full wp-image-1937\" src=\"http:\/\/parquetnomade.com\/wp-content\/uploads\/2025\/11\/Ozon-couv258.jpg\" alt=\"\" width=\"4961\" height=\"4961\" \/><\/p>\n<div id=\":1tn\" class=\"Am aiL Al editable LW-avf tS-tW tS-tY\" tabindex=\"1\" role=\"textbox\" contenteditable=\"true\" spellcheck=\"false\" aria-label=\"Corps du message\" aria-multiline=\"true\" aria-owns=\":24b\" aria-controls=\":24b\" aria-expanded=\"false\">\n<div><\/div>\n<div>\n<div class=\"xdj266r x14z9mp xat24cr x1lziwak x1vvkbs\"><br class=\"html-br\" \/><strong><em>\u00ab\u00a0Gathering the Tribe\u00a0\u00bb, <\/em><\/strong><br class=\"html-br\" \/><strong><em>RASSEMBLER LA TRIBU #5\u2026\u00a0\u00bbfaire ch\u0153ur en corps \u00a0\u00bb <\/em><\/strong><br class=\"html-br\" \/><em>Une c\u00e9l\u00e9bration festive et rituelle.<\/em><\/div>\n<div class=\"x14z9mp xat24cr x1lziwak x1vvkbs xtlvy1s\"><em>requiert une pratique r\u00e9guli\u00e8re du mouvement, et du contact Impro<\/em><\/div>\n<div class=\"x14z9mp xat24cr x1lziwak x1vvkbs xtlvy1s\"><\/div>\n<div class=\"x14z9mp xat24cr x1lziwak x1vvkbs xtlvy1s\"><strong><em>Faire tribu, c\u2019est remonter \u00e0 la source de notre humanit\u00e9. Se rassembler autour des solstices est un geste archa\u00efque fondateur. <\/em><\/strong><\/div>\n<div><\/div>\n<div><strong><em>\u00ab\u00a0Faire choeur en corps\u00a0\u00bb<\/em><\/strong><\/div>\n<div>faire choeur dedans, dehors, harmoniser notre pr\u00e9sent, s&rsquo;\u00e9namourer de nos \u00e2me r\u00e9unies dans une cr\u00e9ative spirale de joie, de beaut\u00e9 et de douceur. Notre intention r\u00e9sidence dans le sens commun d&rsquo;un soin de soi, en tant qu&rsquo;individu et en tant que groupe et corps collectif.<\/div>\n<div class=\"x14z9mp xat24cr x1lziwak x1vvkbs xtlvy1s\"><br class=\"html-br\" \/><strong><em>Cinq jours et quatre nuits pour nous rassembler<\/em><\/strong><em>, prendre le temps d\u2019un retour \u00e0 soi, faire silence, \u00e9couter, s&rsquo;ancrer dans la pr\u00e9sence et semer nos intentions, mais aussi faire la f\u00eate, improviser, danser, \u00ab\u00a0jammer, co-cr\u00e9er avec le soutien du corps collectif (de 30 \u00e0 40 pers) dans une atmosph\u00e8re bienveillante et inclusive.<\/em><\/div>\n<div><\/div>\n<div class=\"x14z9mp xat24cr x1lziwak x1vvkbs xtlvy1s\"><em>Depuis 13 ans la Cie du Parquet Nomade propose des plong\u00e9es en conscience <\/em><em>autour d<\/em><em>e la pratique de la danse contact Improvisation sous forme de<\/em><em> \u00ab\u00a0transmission-cr\u00e9ation \u00ab\u00a0, de spectacles, performances participatives, balades \u00e9cosomatiques, bals nomades\u2026<\/em><\/div>\n<div><\/div>\n<div class=\"x14z9mp xat24cr x1lziwak x1vvkbs xtlvy1s\"><em>Cette c\u00e9l\u00e9bration festive s&rsquo;inscrit dans cette lign\u00e9e.\u00a0 <strong>Des ateliers guid\u00e9s autour de la danse contact impro du Body Mind Centering\u00ae, du mouvement authentique<\/strong> viendront soutenir les corps et le collectif\u00a0 afin de vivre des Jams et bals lab cr\u00e9atifs et en conscience&#8230;<\/em><\/div>\n<div class=\"x14z9mp xat24cr x1lziwak x1vvkbs xtlvy1s\"><br class=\"html-br\" \/><strong><em>Les labs pass\u00e9s et possibles : geste dessin\u00e9 et geste dans\u00e9, danses de couples et danse de groupes (tango-contact, folk contact, m\u00e9ditations guid\u00e9es, fresque collective, circle-song, jams, musique live, bal costum\u00e9, feu, surprises&#8230;)<\/em><\/strong><\/div>\n<div><\/div>\n<div class=\"x14z9mp xat24cr x1lziwak x1vvkbs xtlvy1s\"><strong><em>Les laboratoires et jams guid\u00e9s seront facilit\u00e9s par l&rsquo;\u00e9quipe et artistes invit\u00e9s <\/em><\/strong><\/div>\n<div class=\"x14z9mp xat24cr x1lziwak x1vvkbs xtlvy1s\"><strong><em>(programmation en cours )<\/em><\/strong><em> les participants sont\u00a0 bienvenus pour apporter des mati\u00e8res artistiques et cr\u00e9ative \u00e0 partager ( lors des soir\u00e9es et ou en journ\u00e9e selon planning )<\/em><\/div>\n<div class=\"x14z9mp xat24cr x1lziwak x1vvkbs xtlvy1s\"><em><strong>Les ateliers BMC\u00ae &amp; CI<\/strong> seront facilit\u00e9s par Marion Michel danseuse chor\u00e9graphe et \u00e9ducatrice somatique pour le mouvement en BMC\u00ae (+ d&rsquo;info sur le site).<\/em><\/div>\n<div><\/div>\n<div class=\"x14z9mp xat24cr x1lziwak x1vvkbs xtlvy1s\"><strong><em>programme pr\u00e9visionnel<br \/>\n<\/em><\/strong><\/div>\n<div class=\"x14z9mp xat24cr x1lziwak x1vvkbs xtlvy1s\"><strong><em>Les matins : <\/em><\/strong><br class=\"html-br\" \/><em>&#8211; danse contemplative <\/em><br class=\"html-br\" \/><em>&#8211; atelier de de CI &amp; BMC&#8230; <\/em><br class=\"html-br\" \/><em>Les apr\u00e8s-midi : <\/em><br class=\"html-br\" \/><em>&#8211; laboratoires , temps de retour \u00e0 soi, et ou ateliers co-cr\u00e9\u00e9s ( jam underscore&#8230;) <\/em><br class=\"html-br\" \/><em>Les soir\u00e9es : <\/em><br class=\"html-br\" \/><em>&#8211; Jams, bals et propositions surprises (performances, bals masqu\u00e9s)<\/em><\/div>\n<div class=\"x14z9mp xat24cr x1lziwak x1vvkbs xtlvy1s\"><em>Nous ferons en sorte que l&rsquo;Espace de danse soit toujours accessible \u00e0 tous pour s&rsquo;\u00e9tirer, se d\u00e9poser, lire, dessiner..<\/em><\/div>\n<div class=\"x14z9mp xat24cr x1lziwak x1vvkbs xtlvy1s\"><strong><em>Arriv\u00e9e : <\/em><\/strong><em>le 30 \u00e0 partir de 16h (cercle de bienvenue \u00e0 18h, puis repas tomb\u00e9 du sac, suivi d&rsquo;une jam d&rsquo;accueil )<\/em><\/div>\n<div class=\"x14z9mp xat24cr x1lziwak x1vvkbs xtlvy1s\"><strong><em>D\u00e9part : <\/em><\/strong><em>Le 3 \u00e0 16h apr\u00e8s rangement et jam d&rsquo;au-revoir.<\/em><\/div>\n<div class=\"x14z9mp xat24cr x1lziwak x1vvkbs xtlvy1s\"><strong><em>Lieu et accommodations :<\/em><\/strong><\/div>\n<div class=\"x14z9mp xat24cr x1lziwak x1vvkbs xtlvy1s\"><em>Le Moulin d&rsquo;Ozon est \u00e0 5 minutes d\u2019Aubenas, avec des ext\u00e9rieurs, en bord de rivi\u00e8re.<\/em><\/div>\n<div class=\"x14z9mp xat24cr x1lziwak x1vvkbs xtlvy1s\"><em>Studio : 200 m2, avec un parquet unique, massif, remarquable, splendide et majestueux <\/em><strong><em><span class=\"html-span xexx8yu xyri2b x18d9i69 x1c1uobl x1hl2dhg x16tdsg8 x1vvkbs x3nfvp2 x1j61x8r x1fcty0u xdj266r xat24cr xm2jcoa x1mpyi22 xxymvpz xlup9mm x1kky2od\"><img loading=\"lazy\" decoding=\"async\" class=\"xz74otr x15mokao x1ga7v0g x16uus16 xbiv7yw\" src=\"https:\/\/static.xx.fbcdn.net\/images\/emoji.php\/v9\/tf6\/2\/16\/1f609.png\" alt=\"\" width=\"16\" height=\"16\" \/><\/span><\/em><\/strong><\/div>\n<div class=\"x14z9mp xat24cr x1lziwak x1vvkbs xtlvy1s\"><strong><em>Espace chill <\/em><\/strong><em>(\u00e9ventuel, selon la jauge) : <\/em><em>(Ind\u00e9pendant, 100 m2, m\u00eame parquet)<\/em><\/div>\n<div class=\"x14z9mp xat24cr x1lziwak x1vvkbs xtlvy1s\"><strong><em>Miam: <\/em><\/strong><br class=\"html-br\" \/><em>Cuisines (en auto gestion) dans chaque g\u00eete attenant au Moulin d\u2019Ozon. Pr\u00e9voir des courses pour la dur\u00e9e, pour vous-m\u00eame et \u00e0 partager (ou mieux, des plats d\u00e9j\u00e0 pr\u00e9par\u00e9s si vous pouvez, en pr\u00e9voyant une entr\u00e9e et un plat ou un plat et dessert pour 7 personnes). <\/em><br class=\"html-br\" \/><strong><em>Dodo : <\/em><\/strong><br class=\"html-br\" \/><em>Nous dormirons dans les g\u00eetes, confortables avec cuisines et salles de bains semi collectives (chambre de 3 \u00e0 5 pers.) et il est imp\u00e9ratif d\u2019apporter draps et taies d&rsquo;oreillers. <\/em><br class=\"html-br\" \/><strong><em>NB : <\/em><\/strong><em>capacit\u00e9s des g\u00eetes : 35 places, possibilit\u00e9 pour les personnes suivantes de dormir dans la salle en emmenant son propre matelas&#8230;(uniquement si les lits en g\u00eetes sont tous lou\u00e9s) ainsi qu&rsquo;en camion..<\/em><\/div>\n<div class=\"x14z9mp xat24cr x1lziwak x1vvkbs xtlvy1s\"><strong><em>Tarifs :<\/em><\/strong><\/div>\n<div class=\"x14z9mp xat24cr x1lziwak x1vvkbs xtlvy1s\"><em>Ces prix permettent la location des lieux, dont les g\u00eetes, l&rsquo;organisation-facilitation de l&rsquo;\u00e9v\u00e8nement et soutiennent les actions de l&rsquo;association.<\/em><br class=\"html-br\" \/><strong><em>pour 5 jours et 4 nuits : <\/em><\/strong><br class=\"html-br\" \/><strong><em>&#8211; m\u00e9c\u00e8ne : 360\u20ac et + (j\u2019aide la venue des petits budgets) <\/em><\/strong><br class=\"html-br\" \/><strong><em>&#8211; moyen : 310 \u20ac <\/em><\/strong><br class=\"html-br\" \/><strong><em>&#8211; petit budget : 280 \u20ac<\/em><\/strong><\/div>\n<div class=\"x14z9mp xat24cr x1lziwak x1vvkbs xtlvy1s\"><strong><em>Par 24h ou le 31: 100 \u20ac<\/em><\/strong><\/div>\n<div class=\"x14z9mp xat24cr x1lziwak x1vvkbs xtlvy1s\"><strong><em>NB Soir\u00e9e du 31: <\/em><\/strong><em>Nous pr\u00e9f\u00e9rerions que vous participiez \u00e0 l&rsquo;ensemble de l&rsquo;\u00e9v\u00e9nement mais nous souhaitons ouvrir <\/em><br class=\"html-br\" \/><em>l&rsquo;espace aux oiseaux de passage, dans ce cas, pour pr\u00e9server l&rsquo;\u00e9nergie du groupe, il serait pr\u00e9f\u00e9rable que vous puissiez rester 24h et participer \u00e0 l&rsquo;atelier-lab de l&rsquo;apr\u00e8s midi du 31 au moins.<\/em><\/div>\n<div class=\"x14z9mp xat24cr x1lziwak x1vvkbs xtlvy1s\"><strong><em>Avec ces tarifs nous avons essay\u00e9 de contenter tout le monde, si malgr\u00e9 tout ce prix est encore un frein, n&rsquo;h\u00e9sitez pas \u00e0 nous contacter..<\/em><\/strong><\/div>\n<div class=\"x14z9mp xat24cr x1lziwak x1vvkbs xtlvy1s\"><em>+ Adh\u00e9sion obligatoire \u00e0 l&rsquo;association (\u00e0 partir de 5 euros, lors de l&rsquo;inscription helloasso)<\/em><\/div>\n<div class=\"x14z9mp xat24cr x1lziwak x1vvkbs xtlvy1s\"><strong><em>Gratuit pour les enfants jusqu&rsquo;\u00e0 6 ans <\/em><\/strong><em>(couchage en autonomie, apporter son matelas)<\/em><\/div>\n<div class=\"x14z9mp xat24cr x1lziwak x1vvkbs xtlvy1s\"><strong><em>&#8212;&#8212;&#8212;&#8212;&#8212;&#8212;&#8212;&#8212;&#8212;&#8212;&#8212;&#8212;&#8212;&#8212;&#8212;&#8212;&#8212;&#8212;&#8212;&#8212;&#8212;&#8212;&#8212;&#8212;&#8212;&#8212;&#8212;&#8212;&#8212;&#8212;&#8212;&#8212;<\/em><\/strong><br class=\"html-br\" \/><strong><em>lien vers hello asso vous sera envoy\u00e9 apr\u00e8s avoir rempli le formulaire d&rsquo;inscription obligatoire ( merci):<\/em><\/strong><\/div>\n<div><\/div>\n<div><a href=\"https:\/\/docs.google.com\/forms\/d\/e\/1FAIpQLSc3xdc0Dku535C227h-WXYKTkkD55VqKZ1pbTxJhfOOBxiUyQ\/viewform?usp=header\" target=\"_blank\" rel=\"noopener\">Rassembler la tribu Inscription<\/a><\/div>\n<div><\/div>\n<div class=\"x14z9mp xat24cr x1lziwak x1vvkbs xtlvy1s\"><em>Questions:<\/em><strong><em> contactparquetnomade@gmail.com ( attention l&rsquo;adresse proton est moins r\u00e9active)<br \/>\n<\/em><\/strong><\/div>\n<\/div>\n<div><strong><em><strong>\u00a0face de bouc <\/strong><\/em><\/strong><em>de l&rsquo;evenement<\/em><strong><em>: <a href=\"https:\/\/www.facebook.com\/events\/866663919225336\/?acontext=%7B%22event_action_history%22%3A[%7B%22surface%22%3A%22external%22%7D%2C%7B%22mechanism%22%3A%22attachment%22%2C%22surface%22%3A%22newsfeed%22%7D]%2C%22ref_notif_type%22%3Anull%7D\" target=\"_blank\" rel=\"noopener\">Facebook<\/a><\/em><\/strong><\/div>\n<div><\/div>\n<div>\n<div class=\"x14z9mp xat24cr x1lziwak x1vvkbs xtlvy1s\"><strong><em>La tribu organisatrice : <\/em><\/strong><br class=\"html-br\" \/><strong><em>Alain, St\u00e9phane, Marion &amp; more&#8230;<\/em><\/strong><\/div>\n<div class=\"x14z9mp xat24cr x1lziwak x1vvkbs xtlvy1s\"><\/div>\n<p>&nbsp;<\/p>\n<\/div>\n<\/div>\n","protected":false},"excerpt":{"rendered":"<p>\u00ab\u00a0Gathering the Tribe\u00a0\u00bb, RASSEMBLER LA TRIBU #5\u2026\u00a0\u00bbfaire ch\u0153ur en corps \u00a0\u00bb Une c\u00e9l\u00e9bration festive et rituelle. requiert une pratique r\u00e9guli\u00e8re&#8230;<\/p>\n","protected":false},"author":1,"featured_media":1937,"comment_status":"closed","ping_status":"closed","sticky":true,"template":"","format":"standard","meta":{"footnotes":""},"categories":[118,125,152,137,139,136,162,140,130,110,127],"tags":[155,156,148,147],"class_list":["post-1936","post","type-post","status-publish","format-standard","has-post-thumbnail","hentry","category-atelier-jam","category-transmission","category-bal","category-celebration","category-contact-tango","category-danse-contact-improvisation","category-jam-de-nouvel-an","category-jamilonga","category-master-class","category-performance","category-spectaclesperformances","tag-bal-concert-spectacle","tag-pratiques-somatiques","tag-retraite","tag-stage-immersion"],"_links":{"self":[{"href":"http:\/\/parquetnomade.com\/index.php\/wp-json\/wp\/v2\/posts\/1936","targetHints":{"allow":["GET"]}}],"collection":[{"href":"http:\/\/parquetnomade.com\/index.php\/wp-json\/wp\/v2\/posts"}],"about":[{"href":"http:\/\/parquetnomade.com\/index.php\/wp-json\/wp\/v2\/types\/post"}],"author":[{"embeddable":true,"href":"http:\/\/parquetnomade.com\/index.php\/wp-json\/wp\/v2\/users\/1"}],"replies":[{"embeddable":true,"href":"http:\/\/parquetnomade.com\/index.php\/wp-json\/wp\/v2\/comments?post=1936"}],"version-history":[{"count":18,"href":"http:\/\/parquetnomade.com\/index.php\/wp-json\/wp\/v2\/posts\/1936\/revisions"}],"predecessor-version":[{"id":1956,"href":"http:\/\/parquetnomade.com\/index.php\/wp-json\/wp\/v2\/posts\/1936\/revisions\/1956"}],"wp:featuredmedia":[{"embeddable":true,"href":"http:\/\/parquetnomade.com\/index.php\/wp-json\/wp\/v2\/media\/1937"}],"wp:attachment":[{"href":"http:\/\/parquetnomade.com\/index.php\/wp-json\/wp\/v2\/media?parent=1936"}],"wp:term":[{"taxonomy":"category","embeddable":true,"href":"http:\/\/parquetnomade.com\/index.php\/wp-json\/wp\/v2\/categories?post=1936"},{"taxonomy":"post_tag","embeddable":true,"href":"http:\/\/parquetnomade.com\/index.php\/wp-json\/wp\/v2\/tags?post=1936"}],"curies":[{"name":"wp","href":"https:\/\/api.w.org\/{rel}","templated":true}]}}